{"id":2222,"date":"2023-07-30T03:43:34","date_gmt":"2023-07-30T03:43:34","guid":{"rendered":"https:\/\/provstmaria.com\/wp\/?p=2222"},"modified":"2023-07-30T03:53:02","modified_gmt":"2023-07-30T03:53:02","slug":"premio-de-melhor-aluna-finalista","status":"publish","type":"post","link":"https:\/\/provstmaria.com\/wp\/2023\/07\/30\/premio-de-melhor-aluna-finalista\/","title":{"rendered":"Pr\u00e9mio de melhor aluna finalista."},"content":{"rendered":"\n<div style=\"height:25px\" aria-hidden=\"true\" class=\"wp-block-spacer\"><\/div>\n\n\n\n<div class=\"wp-block-columns is-layout-flex wp-container-core-columns-is-layout-9d6595d7 wp-block-columns-is-layout-flex\">\n<div class=\"wp-block-column is-layout-flow wp-block-column-is-layout-flow\" style=\"flex-basis:50%\">\n<p>No passado dia 21 de abril de 2023, na primeira edi\u00e7\u00e3o do Dia Acad\u00e9mico da Universidade Cat\u00f3lica Portuguesa &#8211; Campus Braga, a Ir. Marisa Nacama foi distinguida, com o pr\u00e9mio de melhor aluna finalista do Curso de Servi\u00e7o Social. <\/p>\n\n\n\n<p>O ato teve lugar na UCP e contou com a presen\u00e7a das Irm\u00e3s da Fraternidade Madre Maria Clara do Menino Jesus, Braga, \u00e0 qual a Ir. Marisa pertence.<\/p>\n\n\n\n<p>No regresso a casa, <mark>os utentes do Asilo de S.<\/mark> Jos\u00e9, onde exerce a sua <a href=\"https:\/\/provstmaria.com\/wp\/missao\/\">miss\u00e3o<\/a>, surpreenderam a nossa Ir. Marisa com um simp\u00e1tico gesto. Quiseram associar-se \u00e0 sua alegria, preparando um momento de homenagem, marcado pela emo\u00e7\u00e3o e sentimentos de gratid\u00e3o, simbolicamente expressos. Bem-haja!<\/p>\n<\/div>\n\n\n\n<div class=\"wp-block-column is-layout-flow wp-block-column-is-layout-flow\" style=\"flex-basis:50%\">\n<figure class=\"wp-block-gallery has-nested-images columns-2 is-cropped wp-block-gallery-1 is-layout-flex wp-block-gallery-is-layout-flex\">\n<figure class=\"wp-block-image size-large\"><img loading=\"lazy\" decoding=\"async\" width=\"866\" height=\"507\" data-id=\"2225\" src=\"https:\/\/provstmaria.com\/wp\/wp-content\/uploads\/2023\/07\/premio-melhor-aluna-03.jpg\" alt=\"\" class=\"wp-image-2225\" srcset=\"https:\/\/provstmaria.com\/wp\/wp-content\/uploads\/2023\/07\/premio-melhor-aluna-03.jpg 866w, https:\/\/provstmaria.com\/wp\/wp-content\/uploads\/2023\/07\/premio-melhor-aluna-03-300x176.jpg 300w, https:\/\/provstmaria.com\/wp\/wp-content\/uploads\/2023\/07\/premio-melhor-aluna-03-768x450.jpg 768w\" sizes=\"auto, (max-width: 866px) 100vw, 866px\" \/><\/figure>\n\n\n\n<figure class=\"wp-block-image size-large\"><img loading=\"lazy\" decoding=\"async\" width=\"1024\" height=\"596\" data-id=\"2226\" src=\"https:\/\/provstmaria.com\/wp\/wp-content\/uploads\/2023\/07\/premio-melhor-aluna-02-1024x596.jpg\" alt=\"\" class=\"wp-image-2226\" srcset=\"https:\/\/provstmaria.com\/wp\/wp-content\/uploads\/2023\/07\/premio-melhor-aluna-02-1024x596.jpg 1024w, https:\/\/provstmaria.com\/wp\/wp-content\/uploads\/2023\/07\/premio-melhor-aluna-02-300x175.jpg 300w, https:\/\/provstmaria.com\/wp\/wp-content\/uploads\/2023\/07\/premio-melhor-aluna-02-768x447.jpg 768w, https:\/\/provstmaria.com\/wp\/wp-content\/uploads\/2023\/07\/premio-melhor-aluna-02.jpg 1190w\" sizes=\"auto, (max-width: 1024px) 100vw, 1024px\" \/><\/figure>\n\n\n\n<figure class=\"wp-block-image size-large\"><img loading=\"lazy\" decoding=\"async\" width=\"402\" height=\"270\" data-id=\"2224\" src=\"https:\/\/provstmaria.com\/wp\/wp-content\/uploads\/2023\/07\/premio-melhor-aluna-01-1.jpg\" alt=\"\" class=\"wp-image-2224\" srcset=\"https:\/\/provstmaria.com\/wp\/wp-content\/uploads\/2023\/07\/premio-melhor-aluna-01-1.jpg 402w, https:\/\/provstmaria.com\/wp\/wp-content\/uploads\/2023\/07\/premio-melhor-aluna-01-1-300x201.jpg 300w\" sizes=\"auto, (max-width: 402px) 100vw, 402px\" \/><\/figure>\n<\/figure>\n<\/div>\n<\/div>\n\n\n\n<p>Damos gra\u00e7as a Deus pelo dom da nossa Ir. Marisa, pelo empenho, dedica\u00e7\u00e3o, esp\u00edrito de sacrif\u00edcio e capacidade demonstrada, ao longo de todo o seu percurso acad\u00e9mico.<\/p>\n\n\n\n<p>De facto, O nosso agradecimento estende-se \u00e0 <a href=\"http:\/\/www.confhic.com\/\" target=\"_blank\" rel=\"noreferrer noopener\">Confhic<\/a> pela oportunidade da forma\u00e7\u00e3o.<\/p>\n\n\n\n<p>A Ir. Marisa agradece \u00e0s Irm\u00e3s da Fraternidade que a acolheram e permitiram que ela concretizasse a tarefa\/miss\u00e3o que lhe foi confiada ao longo destes anos. O percurso foi \u00e1rduo e exigente. Por\u00e9m, a nossa Ir. Marisa esteve \u00e0 altura. Este pr\u00e9mio \u00e9 o resultado disso mesmo.<\/p>\n\n\n\n<p>Fazer sempre o bem, conforme o legado dos nossos <a href=\"https:\/\/confhic.com\/listas\/item\/1-beata-maria-clara\" target=\"_blank\" rel=\"noreferrer noopener\">Fundadores<\/a>\u2026<\/p>\n\n\n\n<p>Bem haja!<\/p>\n","protected":false},"excerpt":{"rendered":"<p>No passado dia 21 de abril de 2023, na primeira edi\u00e7\u00e3o do Dia Acad\u00e9mico da Universidade Cat\u00f3lica Portuguesa &#8211; Campus Braga, a Ir. Marisa Nacama foi distinguida, com o pr\u00e9mio &#8230;<\/p>\n","protected":false},"author":1,"featured_media":2226,"comment_status":"closed","ping_status":"closed","sticky":false,"template":"","format":"standard","meta":{"footnotes":""},"categories":[3],"tags":[],"class_list":["post-2222","post","type-post","status-publish","format-standard","has-post-thumbnail","hentry","category-missao"],"yoast_head":"<!-- This site is optimized with the Yoast SEO plugin v27.5 - https:\/\/yoast.com\/product\/yoast-seo-wordpress\/ -->\n<title>Pr\u00e9mio de melhor aluna finalista. - Prov\u00edncia de Santa Maria<\/title>\n<meta name=\"description\" content=\"Na 1\u00aa edi\u00e7\u00e3o do Dia Acad\u00e9mico da Universidade Cat\u00f3lica - Braga, a Ir. Marisa Nacama foi distinguida , com o pr\u00e9mio de melhor aluna finalista\" \/>\n<meta name=\"robots\" content=\"index, follow, max-snippet:-1, max-image-preview:large, max-video-preview:-1\" \/>\n<link rel=\"canonical\" href=\"https:\/\/provstmaria.com\/wp\/2023\/07\/30\/premio-de-melhor-aluna-finalista\/\" \/>\n<meta property=\"og:locale\" content=\"pt_PT\" \/>\n<meta property=\"og:type\" content=\"article\" \/>\n<meta property=\"og:title\" content=\"Pr\u00e9mio de melhor aluna finalista. - Prov\u00edncia de Santa Maria\" \/>\n<meta property=\"og:description\" content=\"Na 1\u00aa edi\u00e7\u00e3o do Dia Acad\u00e9mico da Universidade Cat\u00f3lica - Braga, a Ir. Marisa Nacama foi distinguida , com o pr\u00e9mio de melhor aluna finalista\" \/>\n<meta property=\"og:url\" content=\"https:\/\/provstmaria.com\/wp\/2023\/07\/30\/premio-de-melhor-aluna-finalista\/\" \/>\n<meta property=\"og:site_name\" content=\"Prov\u00edncia de Santa Maria\" \/>\n<meta property=\"article:published_time\" content=\"2023-07-30T03:43:34+00:00\" \/>\n<meta property=\"article:modified_time\" content=\"2023-07-30T03:53:02+00:00\" \/>\n<meta property=\"og:image\" content=\"https:\/\/provstmaria.com\/wp\/wp-content\/uploads\/2023\/07\/premio-melhor-aluna-02.jpg\" \/>\n\t<meta property=\"og:image:width\" content=\"1190\" \/>\n\t<meta property=\"og:image:height\" content=\"693\" \/>\n\t<meta property=\"og:image:type\" content=\"image\/jpeg\" \/>\n<meta name=\"author\" content=\"wp-admin\" \/>\n<meta name=\"twitter:card\" content=\"summary_large_image\" \/>\n<meta name=\"twitter:label1\" content=\"Escrito por\" \/>\n\t<meta name=\"twitter:data1\" content=\"wp-admin\" \/>\n\t<meta name=\"twitter:label2\" content=\"Tempo estimado de leitura\" \/>\n\t<meta name=\"twitter:data2\" content=\"2 minutos\" \/>\n<script type=\"application\/ld+json\" class=\"yoast-schema-graph\">{\"@context\":\"https:\\\/\\\/schema.org\",\"@graph\":[{\"@type\":\"Article\",\"@id\":\"https:\\\/\\\/provstmaria.com\\\/wp\\\/2023\\\/07\\\/30\\\/premio-de-melhor-aluna-finalista\\\/#article\",\"isPartOf\":{\"@id\":\"https:\\\/\\\/provstmaria.com\\\/wp\\\/2023\\\/07\\\/30\\\/premio-de-melhor-aluna-finalista\\\/\"},\"author\":{\"name\":\"wp-admin\",\"@id\":\"https:\\\/\\\/provstmaria.com\\\/wp\\\/#\\\/schema\\\/person\\\/6e7e1ad52d36ceece19ba89285f23abc\"},\"headline\":\"Pr\u00e9mio de melhor aluna finalista.\",\"datePublished\":\"2023-07-30T03:43:34+00:00\",\"dateModified\":\"2023-07-30T03:53:02+00:00\",\"mainEntityOfPage\":{\"@id\":\"https:\\\/\\\/provstmaria.com\\\/wp\\\/2023\\\/07\\\/30\\\/premio-de-melhor-aluna-finalista\\\/\"},\"wordCount\":231,\"image\":{\"@id\":\"https:\\\/\\\/provstmaria.com\\\/wp\\\/2023\\\/07\\\/30\\\/premio-de-melhor-aluna-finalista\\\/#primaryimage\"},\"thumbnailUrl\":\"https:\\\/\\\/provstmaria.com\\\/wp\\\/wp-content\\\/uploads\\\/2023\\\/07\\\/premio-melhor-aluna-02.jpg\",\"articleSection\":[\"Miss\u00e3o\"],\"inLanguage\":\"pt-PT\"},{\"@type\":\"WebPage\",\"@id\":\"https:\\\/\\\/provstmaria.com\\\/wp\\\/2023\\\/07\\\/30\\\/premio-de-melhor-aluna-finalista\\\/\",\"url\":\"https:\\\/\\\/provstmaria.com\\\/wp\\\/2023\\\/07\\\/30\\\/premio-de-melhor-aluna-finalista\\\/\",\"name\":\"Pr\u00e9mio de melhor aluna finalista. - Prov\u00edncia de Santa Maria\",\"isPartOf\":{\"@id\":\"https:\\\/\\\/provstmaria.com\\\/wp\\\/#website\"},\"primaryImageOfPage\":{\"@id\":\"https:\\\/\\\/provstmaria.com\\\/wp\\\/2023\\\/07\\\/30\\\/premio-de-melhor-aluna-finalista\\\/#primaryimage\"},\"image\":{\"@id\":\"https:\\\/\\\/provstmaria.com\\\/wp\\\/2023\\\/07\\\/30\\\/premio-de-melhor-aluna-finalista\\\/#primaryimage\"},\"thumbnailUrl\":\"https:\\\/\\\/provstmaria.com\\\/wp\\\/wp-content\\\/uploads\\\/2023\\\/07\\\/premio-melhor-aluna-02.jpg\",\"datePublished\":\"2023-07-30T03:43:34+00:00\",\"dateModified\":\"2023-07-30T03:53:02+00:00\",\"author\":{\"@id\":\"https:\\\/\\\/provstmaria.com\\\/wp\\\/#\\\/schema\\\/person\\\/6e7e1ad52d36ceece19ba89285f23abc\"},\"description\":\"Na 1\u00aa edi\u00e7\u00e3o do Dia Acad\u00e9mico da Universidade Cat\u00f3lica - Braga, a Ir. Marisa Nacama foi distinguida , com o pr\u00e9mio de melhor aluna finalista\",\"breadcrumb\":{\"@id\":\"https:\\\/\\\/provstmaria.com\\\/wp\\\/2023\\\/07\\\/30\\\/premio-de-melhor-aluna-finalista\\\/#breadcrumb\"},\"inLanguage\":\"pt-PT\",\"potentialAction\":[{\"@type\":\"ReadAction\",\"target\":[\"https:\\\/\\\/provstmaria.com\\\/wp\\\/2023\\\/07\\\/30\\\/premio-de-melhor-aluna-finalista\\\/\"]}]},{\"@type\":\"ImageObject\",\"inLanguage\":\"pt-PT\",\"@id\":\"https:\\\/\\\/provstmaria.com\\\/wp\\\/2023\\\/07\\\/30\\\/premio-de-melhor-aluna-finalista\\\/#primaryimage\",\"url\":\"https:\\\/\\\/provstmaria.com\\\/wp\\\/wp-content\\\/uploads\\\/2023\\\/07\\\/premio-melhor-aluna-02.jpg\",\"contentUrl\":\"https:\\\/\\\/provstmaria.com\\\/wp\\\/wp-content\\\/uploads\\\/2023\\\/07\\\/premio-melhor-aluna-02.jpg\",\"width\":1190,\"height\":693,\"caption\":\"pr\u00e9mio melhor aluna finalista\"},{\"@type\":\"BreadcrumbList\",\"@id\":\"https:\\\/\\\/provstmaria.com\\\/wp\\\/2023\\\/07\\\/30\\\/premio-de-melhor-aluna-finalista\\\/#breadcrumb\",\"itemListElement\":[{\"@type\":\"ListItem\",\"position\":1,\"name\":\"Home\",\"item\":\"https:\\\/\\\/provstmaria.com\\\/wp\\\/\"},{\"@type\":\"ListItem\",\"position\":2,\"name\":\"Pr\u00e9mio de melhor aluna finalista.\"}]},{\"@type\":\"WebSite\",\"@id\":\"https:\\\/\\\/provstmaria.com\\\/wp\\\/#website\",\"url\":\"https:\\\/\\\/provstmaria.com\\\/wp\\\/\",\"name\":\"Prov\u00edncia de Santa Maria\",\"description\":\"Site da Prov\u00edncia de Santa Maria\",\"potentialAction\":[{\"@type\":\"SearchAction\",\"target\":{\"@type\":\"EntryPoint\",\"urlTemplate\":\"https:\\\/\\\/provstmaria.com\\\/wp\\\/?s={search_term_string}\"},\"query-input\":{\"@type\":\"PropertyValueSpecification\",\"valueRequired\":true,\"valueName\":\"search_term_string\"}}],\"inLanguage\":\"pt-PT\"},{\"@type\":\"Person\",\"@id\":\"https:\\\/\\\/provstmaria.com\\\/wp\\\/#\\\/schema\\\/person\\\/6e7e1ad52d36ceece19ba89285f23abc\",\"name\":\"wp-admin\",\"image\":{\"@type\":\"ImageObject\",\"inLanguage\":\"pt-PT\",\"@id\":\"https:\\\/\\\/secure.gravatar.com\\\/avatar\\\/5f9c8e6f023c9a3675fb4fda7df031979c2e3edab2b6e3d7af0a857c0d656a24?s=96&d=mm&r=g\",\"url\":\"https:\\\/\\\/secure.gravatar.com\\\/avatar\\\/5f9c8e6f023c9a3675fb4fda7df031979c2e3edab2b6e3d7af0a857c0d656a24?s=96&d=mm&r=g\",\"contentUrl\":\"https:\\\/\\\/secure.gravatar.com\\\/avatar\\\/5f9c8e6f023c9a3675fb4fda7df031979c2e3edab2b6e3d7af0a857c0d656a24?s=96&d=mm&r=g\",\"caption\":\"wp-admin\"},\"sameAs\":[\"https:\\\/\\\/provstmaria.com\\\/wp\"],\"url\":\"https:\\\/\\\/provstmaria.com\\\/wp\\\/author\\\/wp-admin\\\/\"}]}<\/script>\n<!-- \/ Yoast SEO plugin. -->","yoast_head_json":{"title":"Pr\u00e9mio de melhor aluna finalista. - Prov\u00edncia de Santa Maria","description":"Na 1\u00aa edi\u00e7\u00e3o do Dia Acad\u00e9mico da Universidade Cat\u00f3lica - Braga, a Ir. Marisa Nacama foi distinguida , com o pr\u00e9mio de melhor aluna finalista","robots":{"index":"index","follow":"follow","max-snippet":"max-snippet:-1","max-image-preview":"max-image-preview:large","max-video-preview":"max-video-preview:-1"},"canonical":"https:\/\/provstmaria.com\/wp\/2023\/07\/30\/premio-de-melhor-aluna-finalista\/","og_locale":"pt_PT","og_type":"article","og_title":"Pr\u00e9mio de melhor aluna finalista. - Prov\u00edncia de Santa Maria","og_description":"Na 1\u00aa edi\u00e7\u00e3o do Dia Acad\u00e9mico da Universidade Cat\u00f3lica - Braga, a Ir. Marisa Nacama foi distinguida , com o pr\u00e9mio de melhor aluna finalista","og_url":"https:\/\/provstmaria.com\/wp\/2023\/07\/30\/premio-de-melhor-aluna-finalista\/","og_site_name":"Prov\u00edncia de Santa Maria","article_published_time":"2023-07-30T03:43:34+00:00","article_modified_time":"2023-07-30T03:53:02+00:00","og_image":[{"width":1190,"height":693,"url":"https:\/\/provstmaria.com\/wp\/wp-content\/uploads\/2023\/07\/premio-melhor-aluna-02.jpg","type":"image\/jpeg"}],"author":"wp-admin","twitter_card":"summary_large_image","twitter_misc":{"Escrito por":"wp-admin","Tempo estimado de leitura":"2 minutos"},"schema":{"@context":"https:\/\/schema.org","@graph":[{"@type":"Article","@id":"https:\/\/provstmaria.com\/wp\/2023\/07\/30\/premio-de-melhor-aluna-finalista\/#article","isPartOf":{"@id":"https:\/\/provstmaria.com\/wp\/2023\/07\/30\/premio-de-melhor-aluna-finalista\/"},"author":{"name":"wp-admin","@id":"https:\/\/provstmaria.com\/wp\/#\/schema\/person\/6e7e1ad52d36ceece19ba89285f23abc"},"headline":"Pr\u00e9mio de melhor aluna finalista.","datePublished":"2023-07-30T03:43:34+00:00","dateModified":"2023-07-30T03:53:02+00:00","mainEntityOfPage":{"@id":"https:\/\/provstmaria.com\/wp\/2023\/07\/30\/premio-de-melhor-aluna-finalista\/"},"wordCount":231,"image":{"@id":"https:\/\/provstmaria.com\/wp\/2023\/07\/30\/premio-de-melhor-aluna-finalista\/#primaryimage"},"thumbnailUrl":"https:\/\/provstmaria.com\/wp\/wp-content\/uploads\/2023\/07\/premio-melhor-aluna-02.jpg","articleSection":["Miss\u00e3o"],"inLanguage":"pt-PT"},{"@type":"WebPage","@id":"https:\/\/provstmaria.com\/wp\/2023\/07\/30\/premio-de-melhor-aluna-finalista\/","url":"https:\/\/provstmaria.com\/wp\/2023\/07\/30\/premio-de-melhor-aluna-finalista\/","name":"Pr\u00e9mio de melhor aluna finalista. - Prov\u00edncia de Santa Maria","isPartOf":{"@id":"https:\/\/provstmaria.com\/wp\/#website"},"primaryImageOfPage":{"@id":"https:\/\/provstmaria.com\/wp\/2023\/07\/30\/premio-de-melhor-aluna-finalista\/#primaryimage"},"image":{"@id":"https:\/\/provstmaria.com\/wp\/2023\/07\/30\/premio-de-melhor-aluna-finalista\/#primaryimage"},"thumbnailUrl":"https:\/\/provstmaria.com\/wp\/wp-content\/uploads\/2023\/07\/premio-melhor-aluna-02.jpg","datePublished":"2023-07-30T03:43:34+00:00","dateModified":"2023-07-30T03:53:02+00:00","author":{"@id":"https:\/\/provstmaria.com\/wp\/#\/schema\/person\/6e7e1ad52d36ceece19ba89285f23abc"},"description":"Na 1\u00aa edi\u00e7\u00e3o do Dia Acad\u00e9mico da Universidade Cat\u00f3lica - Braga, a Ir. Marisa Nacama foi distinguida , com o pr\u00e9mio de melhor aluna finalista","breadcrumb":{"@id":"https:\/\/provstmaria.com\/wp\/2023\/07\/30\/premio-de-melhor-aluna-finalista\/#breadcrumb"},"inLanguage":"pt-PT","potentialAction":[{"@type":"ReadAction","target":["https:\/\/provstmaria.com\/wp\/2023\/07\/30\/premio-de-melhor-aluna-finalista\/"]}]},{"@type":"ImageObject","inLanguage":"pt-PT","@id":"https:\/\/provstmaria.com\/wp\/2023\/07\/30\/premio-de-melhor-aluna-finalista\/#primaryimage","url":"https:\/\/provstmaria.com\/wp\/wp-content\/uploads\/2023\/07\/premio-melhor-aluna-02.jpg","contentUrl":"https:\/\/provstmaria.com\/wp\/wp-content\/uploads\/2023\/07\/premio-melhor-aluna-02.jpg","width":1190,"height":693,"caption":"pr\u00e9mio melhor aluna finalista"},{"@type":"BreadcrumbList","@id":"https:\/\/provstmaria.com\/wp\/2023\/07\/30\/premio-de-melhor-aluna-finalista\/#breadcrumb","itemListElement":[{"@type":"ListItem","position":1,"name":"Home","item":"https:\/\/provstmaria.com\/wp\/"},{"@type":"ListItem","position":2,"name":"Pr\u00e9mio de melhor aluna finalista."}]},{"@type":"WebSite","@id":"https:\/\/provstmaria.com\/wp\/#website","url":"https:\/\/provstmaria.com\/wp\/","name":"Prov\u00edncia de Santa Maria","description":"Site da Prov\u00edncia de Santa Maria","potentialAction":[{"@type":"SearchAction","target":{"@type":"EntryPoint","urlTemplate":"https:\/\/provstmaria.com\/wp\/?s={search_term_string}"},"query-input":{"@type":"PropertyValueSpecification","valueRequired":true,"valueName":"search_term_string"}}],"inLanguage":"pt-PT"},{"@type":"Person","@id":"https:\/\/provstmaria.com\/wp\/#\/schema\/person\/6e7e1ad52d36ceece19ba89285f23abc","name":"wp-admin","image":{"@type":"ImageObject","inLanguage":"pt-PT","@id":"https:\/\/secure.gravatar.com\/avatar\/5f9c8e6f023c9a3675fb4fda7df031979c2e3edab2b6e3d7af0a857c0d656a24?s=96&d=mm&r=g","url":"https:\/\/secure.gravatar.com\/avatar\/5f9c8e6f023c9a3675fb4fda7df031979c2e3edab2b6e3d7af0a857c0d656a24?s=96&d=mm&r=g","contentUrl":"https:\/\/secure.gravatar.com\/avatar\/5f9c8e6f023c9a3675fb4fda7df031979c2e3edab2b6e3d7af0a857c0d656a24?s=96&d=mm&r=g","caption":"wp-admin"},"sameAs":["https:\/\/provstmaria.com\/wp"],"url":"https:\/\/provstmaria.com\/wp\/author\/wp-admin\/"}]}},"_links":{"self":[{"href":"https:\/\/provstmaria.com\/wp\/wp-json\/wp\/v2\/posts\/2222","targetHints":{"allow":["GET"]}}],"collection":[{"href":"https:\/\/provstmaria.com\/wp\/wp-json\/wp\/v2\/posts"}],"about":[{"href":"https:\/\/provstmaria.com\/wp\/wp-json\/wp\/v2\/types\/post"}],"author":[{"embeddable":true,"href":"https:\/\/provstmaria.com\/wp\/wp-json\/wp\/v2\/users\/1"}],"replies":[{"embeddable":true,"href":"https:\/\/provstmaria.com\/wp\/wp-json\/wp\/v2\/comments?post=2222"}],"version-history":[{"count":4,"href":"https:\/\/provstmaria.com\/wp\/wp-json\/wp\/v2\/posts\/2222\/revisions"}],"predecessor-version":[{"id":2231,"href":"https:\/\/provstmaria.com\/wp\/wp-json\/wp\/v2\/posts\/2222\/revisions\/2231"}],"wp:featuredmedia":[{"embeddable":true,"href":"https:\/\/provstmaria.com\/wp\/wp-json\/wp\/v2\/media\/2226"}],"wp:attachment":[{"href":"https:\/\/provstmaria.com\/wp\/wp-json\/wp\/v2\/media?parent=2222"}],"wp:term":[{"taxonomy":"category","embeddable":true,"href":"https:\/\/provstmaria.com\/wp\/wp-json\/wp\/v2\/categories?post=2222"},{"taxonomy":"post_tag","embeddable":true,"href":"https:\/\/provstmaria.com\/wp\/wp-json\/wp\/v2\/tags?post=2222"}],"curies":[{"name":"wp","href":"https:\/\/api.w.org\/{rel}","templated":true}]}}