{"id":2631,"date":"2023-08-23T10:48:22","date_gmt":"2023-08-23T10:48:22","guid":{"rendered":"https:\/\/provstmaria.com\/wp\/?p=2631"},"modified":"2025-04-17T11:36:15","modified_gmt":"2025-04-17T11:36:15","slug":"conselho-plenario-da-confhic-peregrina-ate-fatima","status":"publish","type":"post","link":"https:\/\/provstmaria.com\/wp\/2023\/08\/23\/conselho-plenario-da-confhic-peregrina-ate-fatima\/","title":{"rendered":"Conselho Plen\u00e1rio da Confhic peregrina at\u00e9 F\u00e1tima"},"content":{"rendered":"\n<p>No dia 20 de agosto de 2023, as Irm\u00e3s reunidas em Conselho Plen\u00e1rio Geral, na Sede Geral da CONFHIC, fizeram uma pausa e rumaram at\u00e9 F\u00e1tima.<\/p>\n\n\n\n<p>Assim, participaram na Eucaristia no Recinto de Ora\u00e7\u00e3o do Santu\u00e1rio de F\u00e1tima, em que foram convidadas a serem ministros extraordin\u00e1rios da Eucaristia.<\/p>\n\n\n\n<p>Finda a celebra\u00e7\u00e3o, dirigiram-se para a Casa de Santa Maria, F\u00e1tima onde as recebemos, com alegria e hospitalidade.<\/p>\n\n\n\n<figure class=\"wp-block-gallery has-nested-images columns-2 wp-block-gallery-1 is-layout-flex wp-block-gallery-is-layout-flex\">\n<figure class=\"wp-block-image size-large\"><a href=\"https:\/\/provstmaria.com\/wp\/wp-content\/uploads\/2023\/08\/plen23-001.gif\" target=\"_blank\" rel=\"noopener\"><img loading=\"lazy\" decoding=\"async\" width=\"1024\" height=\"576\" data-id=\"2635\" src=\"https:\/\/provstmaria.com\/wp\/wp-content\/uploads\/2023\/08\/plen23-001-1024x576.gif\" alt=\"Conselho Plen\u00e1rio da Confhic peregrina at\u00e9 F\u00e1tima\" class=\"wp-image-2635\" srcset=\"https:\/\/provstmaria.com\/wp\/wp-content\/uploads\/2023\/08\/plen23-001-1024x576.gif 1024w, https:\/\/provstmaria.com\/wp\/wp-content\/uploads\/2023\/08\/plen23-001-300x169.gif 300w, https:\/\/provstmaria.com\/wp\/wp-content\/uploads\/2023\/08\/plen23-001-768x432.gif 768w\" sizes=\"auto, (max-width: 1024px) 100vw, 1024px\" \/><\/a><\/figure>\n\n\n\n<figure class=\"wp-block-image size-large\"><a href=\"https:\/\/provstmaria.com\/wp\/wp-content\/uploads\/2023\/08\/plen23-002.gif\" target=\"_blank\" rel=\"noopener\"><img loading=\"lazy\" decoding=\"async\" width=\"1024\" height=\"576\" data-id=\"2634\" src=\"https:\/\/provstmaria.com\/wp\/wp-content\/uploads\/2023\/08\/plen23-002-1024x576.gif\" alt=\"Conselho Plen\u00e1rio da Confhic peregrina at\u00e9 F\u00e1tima\" class=\"wp-image-2634\" srcset=\"https:\/\/provstmaria.com\/wp\/wp-content\/uploads\/2023\/08\/plen23-002-1024x576.gif 1024w, https:\/\/provstmaria.com\/wp\/wp-content\/uploads\/2023\/08\/plen23-002-300x169.gif 300w, https:\/\/provstmaria.com\/wp\/wp-content\/uploads\/2023\/08\/plen23-002-768x432.gif 768w\" sizes=\"auto, (max-width: 1024px) 100vw, 1024px\" \/><\/a><\/figure>\n\n\n\n<figure class=\"wp-block-image size-large\"><a href=\"https:\/\/provstmaria.com\/wp\/wp-content\/uploads\/2023\/08\/plen23-003.gif\" target=\"_blank\" rel=\"noopener\"><img loading=\"lazy\" decoding=\"async\" width=\"1024\" height=\"576\" data-id=\"2633\" src=\"https:\/\/provstmaria.com\/wp\/wp-content\/uploads\/2023\/08\/plen23-003-1024x576.gif\" alt=\"Conselho Plen\u00e1rio da Confhic peregrina at\u00e9 F\u00e1tima\" class=\"wp-image-2633\" srcset=\"https:\/\/provstmaria.com\/wp\/wp-content\/uploads\/2023\/08\/plen23-003-1024x576.gif 1024w, https:\/\/provstmaria.com\/wp\/wp-content\/uploads\/2023\/08\/plen23-003-300x169.gif 300w, https:\/\/provstmaria.com\/wp\/wp-content\/uploads\/2023\/08\/plen23-003-768x432.gif 768w\" sizes=\"auto, (max-width: 1024px) 100vw, 1024px\" \/><\/a><\/figure>\n\n\n\n<figure class=\"wp-block-image size-large\"><a href=\"https:\/\/provstmaria.com\/wp\/wp-content\/uploads\/2023\/08\/plen23-005.gif\" target=\"_blank\" rel=\"noopener\"><img loading=\"lazy\" decoding=\"async\" width=\"1024\" height=\"576\" data-id=\"2632\" src=\"https:\/\/provstmaria.com\/wp\/wp-content\/uploads\/2023\/08\/plen23-005-1024x576.gif\" alt=\"Conselho Plen\u00e1rio da Confhic peregrina at\u00e9 F\u00e1tima\" class=\"wp-image-2632\" srcset=\"https:\/\/provstmaria.com\/wp\/wp-content\/uploads\/2023\/08\/plen23-005-1024x576.gif 1024w, https:\/\/provstmaria.com\/wp\/wp-content\/uploads\/2023\/08\/plen23-005-300x169.gif 300w, https:\/\/provstmaria.com\/wp\/wp-content\/uploads\/2023\/08\/plen23-005-768x432.gif 768w\" sizes=\"auto, (max-width: 1024px) 100vw, 1024px\" \/><\/a><\/figure>\n<\/figure>\n\n\n\n<p>Depois, \u00e0 volta da mesa, tom\u00e1mos, todas juntas uma refei\u00e7\u00e3o preparada com muito carinho e parecia ouvir-se no cora\u00e7\u00e3o de todas, \u201cem sil\u00eancio\u201d a melodia: \u201cComo \u00e9 bom, como \u00e9 consolador vivermos unidas no mesmo Amor\u201d.<\/p>\n\n\n\n<p>Estes momentos s\u00e3o b\u00e1lsamo e deixam uma marca de alegria e festa que perdurou todo este domingo inesquec\u00edvel.<\/p>\n","protected":false},"excerpt":{"rendered":"<p>No dia 20 de agosto de 2023, as Irm\u00e3s reunidas em Conselho Plen\u00e1rio Geral, na Sede Geral da CONFHIC, fizeram uma pausa e rumaram at\u00e9 F\u00e1tima.<\/p>\n","protected":false},"author":5,"featured_media":2636,"comment_status":"closed","ping_status":"closed","sticky":false,"template":"","format":"standard","meta":{"footnotes":""},"categories":[41],"tags":[],"class_list":["post-2631","post","type-post","status-publish","format-standard","has-post-thumbnail","hentry","category-noticias"],"yoast_head":"<!-- This site is optimized with the Yoast SEO plugin v27.5 - https:\/\/yoast.com\/product\/yoast-seo-wordpress\/ -->\n<title>Conselho Plen\u00e1rio da Confhic peregrina at\u00e9 F\u00e1tima - Prov\u00edncia de Santa Maria<\/title>\n<meta name=\"description\" content=\"No dia 20 de agosto de 2023, as Irm\u00e3s reunidas em Conselho Plen\u00e1rio Geral, na Sede Geral da CONFHIC, fizeram uma pausa e rumaram at\u00e9 F\u00e1tima.\" \/>\n<meta name=\"robots\" content=\"index, follow, max-snippet:-1, max-image-preview:large, max-video-preview:-1\" \/>\n<link rel=\"canonical\" href=\"https:\/\/provstmaria.com\/wp\/2023\/08\/23\/conselho-plenario-da-confhic-peregrina-ate-fatima\/\" \/>\n<meta property=\"og:locale\" content=\"pt_PT\" \/>\n<meta property=\"og:type\" content=\"article\" \/>\n<meta property=\"og:title\" content=\"Conselho Plen\u00e1rio da Confhic peregrina at\u00e9 F\u00e1tima - Prov\u00edncia de Santa Maria\" \/>\n<meta property=\"og:description\" content=\"No dia 20 de agosto de 2023, as Irm\u00e3s reunidas em Conselho Plen\u00e1rio Geral, na Sede Geral da CONFHIC, fizeram uma pausa e rumaram at\u00e9 F\u00e1tima.\" \/>\n<meta property=\"og:url\" content=\"https:\/\/provstmaria.com\/wp\/2023\/08\/23\/conselho-plenario-da-confhic-peregrina-ate-fatima\/\" \/>\n<meta property=\"og:site_name\" content=\"Prov\u00edncia de Santa Maria\" \/>\n<meta property=\"article:published_time\" content=\"2023-08-23T10:48:22+00:00\" \/>\n<meta property=\"article:modified_time\" content=\"2025-04-17T11:36:15+00:00\" \/>\n<meta property=\"og:image\" content=\"https:\/\/provstmaria.com\/wp\/wp-content\/uploads\/2023\/08\/plen23-004.gif\" \/>\n\t<meta property=\"og:image:width\" content=\"907\" \/>\n\t<meta property=\"og:image:height\" content=\"1280\" \/>\n\t<meta property=\"og:image:type\" content=\"image\/gif\" \/>\n<meta name=\"author\" content=\"C\u00e9u Pimenta\" \/>\n<meta name=\"twitter:card\" content=\"summary_large_image\" \/>\n<meta name=\"twitter:label1\" content=\"Escrito por\" \/>\n\t<meta name=\"twitter:data1\" content=\"C\u00e9u Pimenta\" \/>\n\t<meta name=\"twitter:label2\" content=\"Tempo estimado de leitura\" \/>\n\t<meta name=\"twitter:data2\" content=\"2 minutos\" \/>\n<script type=\"application\/ld+json\" class=\"yoast-schema-graph\">{\"@context\":\"https:\\\/\\\/schema.org\",\"@graph\":[{\"@type\":\"Article\",\"@id\":\"https:\\\/\\\/provstmaria.com\\\/wp\\\/2023\\\/08\\\/23\\\/conselho-plenario-da-confhic-peregrina-ate-fatima\\\/#article\",\"isPartOf\":{\"@id\":\"https:\\\/\\\/provstmaria.com\\\/wp\\\/2023\\\/08\\\/23\\\/conselho-plenario-da-confhic-peregrina-ate-fatima\\\/\"},\"author\":{\"name\":\"C\u00e9u Pimenta\",\"@id\":\"https:\\\/\\\/provstmaria.com\\\/wp\\\/#\\\/schema\\\/person\\\/ececaab7665395f675f1f253f71400c8\"},\"headline\":\"Conselho Plen\u00e1rio da Confhic peregrina at\u00e9 F\u00e1tima\",\"datePublished\":\"2023-08-23T10:48:22+00:00\",\"dateModified\":\"2025-04-17T11:36:15+00:00\",\"mainEntityOfPage\":{\"@id\":\"https:\\\/\\\/provstmaria.com\\\/wp\\\/2023\\\/08\\\/23\\\/conselho-plenario-da-confhic-peregrina-ate-fatima\\\/\"},\"wordCount\":140,\"image\":{\"@id\":\"https:\\\/\\\/provstmaria.com\\\/wp\\\/2023\\\/08\\\/23\\\/conselho-plenario-da-confhic-peregrina-ate-fatima\\\/#primaryimage\"},\"thumbnailUrl\":\"https:\\\/\\\/provstmaria.com\\\/wp\\\/wp-content\\\/uploads\\\/2023\\\/08\\\/plen23-004.gif\",\"articleSection\":[\"Not\u00edcias\"],\"inLanguage\":\"pt-PT\"},{\"@type\":\"WebPage\",\"@id\":\"https:\\\/\\\/provstmaria.com\\\/wp\\\/2023\\\/08\\\/23\\\/conselho-plenario-da-confhic-peregrina-ate-fatima\\\/\",\"url\":\"https:\\\/\\\/provstmaria.com\\\/wp\\\/2023\\\/08\\\/23\\\/conselho-plenario-da-confhic-peregrina-ate-fatima\\\/\",\"name\":\"Conselho Plen\u00e1rio da Confhic peregrina at\u00e9 F\u00e1tima - Prov\u00edncia de Santa Maria\",\"isPartOf\":{\"@id\":\"https:\\\/\\\/provstmaria.com\\\/wp\\\/#website\"},\"primaryImageOfPage\":{\"@id\":\"https:\\\/\\\/provstmaria.com\\\/wp\\\/2023\\\/08\\\/23\\\/conselho-plenario-da-confhic-peregrina-ate-fatima\\\/#primaryimage\"},\"image\":{\"@id\":\"https:\\\/\\\/provstmaria.com\\\/wp\\\/2023\\\/08\\\/23\\\/conselho-plenario-da-confhic-peregrina-ate-fatima\\\/#primaryimage\"},\"thumbnailUrl\":\"https:\\\/\\\/provstmaria.com\\\/wp\\\/wp-content\\\/uploads\\\/2023\\\/08\\\/plen23-004.gif\",\"datePublished\":\"2023-08-23T10:48:22+00:00\",\"dateModified\":\"2025-04-17T11:36:15+00:00\",\"author\":{\"@id\":\"https:\\\/\\\/provstmaria.com\\\/wp\\\/#\\\/schema\\\/person\\\/ececaab7665395f675f1f253f71400c8\"},\"description\":\"No dia 20 de agosto de 2023, as Irm\u00e3s reunidas em Conselho Plen\u00e1rio Geral, na Sede Geral da CONFHIC, fizeram uma pausa e rumaram at\u00e9 F\u00e1tima.\",\"breadcrumb\":{\"@id\":\"https:\\\/\\\/provstmaria.com\\\/wp\\\/2023\\\/08\\\/23\\\/conselho-plenario-da-confhic-peregrina-ate-fatima\\\/#breadcrumb\"},\"inLanguage\":\"pt-PT\",\"potentialAction\":[{\"@type\":\"ReadAction\",\"target\":[\"https:\\\/\\\/provstmaria.com\\\/wp\\\/2023\\\/08\\\/23\\\/conselho-plenario-da-confhic-peregrina-ate-fatima\\\/\"]}]},{\"@type\":\"ImageObject\",\"inLanguage\":\"pt-PT\",\"@id\":\"https:\\\/\\\/provstmaria.com\\\/wp\\\/2023\\\/08\\\/23\\\/conselho-plenario-da-confhic-peregrina-ate-fatima\\\/#primaryimage\",\"url\":\"https:\\\/\\\/provstmaria.com\\\/wp\\\/wp-content\\\/uploads\\\/2023\\\/08\\\/plen23-004.gif\",\"contentUrl\":\"https:\\\/\\\/provstmaria.com\\\/wp\\\/wp-content\\\/uploads\\\/2023\\\/08\\\/plen23-004.gif\",\"width\":907,\"height\":1280,\"caption\":\"Conselho Plen\u00e1rio da Confhic peregrina at\u00e9 F\u00e1tima\"},{\"@type\":\"BreadcrumbList\",\"@id\":\"https:\\\/\\\/provstmaria.com\\\/wp\\\/2023\\\/08\\\/23\\\/conselho-plenario-da-confhic-peregrina-ate-fatima\\\/#breadcrumb\",\"itemListElement\":[{\"@type\":\"ListItem\",\"position\":1,\"name\":\"Home\",\"item\":\"https:\\\/\\\/provstmaria.com\\\/wp\\\/\"},{\"@type\":\"ListItem\",\"position\":2,\"name\":\"Conselho Plen\u00e1rio da Confhic peregrina at\u00e9 F\u00e1tima\"}]},{\"@type\":\"WebSite\",\"@id\":\"https:\\\/\\\/provstmaria.com\\\/wp\\\/#website\",\"url\":\"https:\\\/\\\/provstmaria.com\\\/wp\\\/\",\"name\":\"Prov\u00edncia de Santa Maria\",\"description\":\"Site da Prov\u00edncia de Santa Maria\",\"potentialAction\":[{\"@type\":\"SearchAction\",\"target\":{\"@type\":\"EntryPoint\",\"urlTemplate\":\"https:\\\/\\\/provstmaria.com\\\/wp\\\/?s={search_term_string}\"},\"query-input\":{\"@type\":\"PropertyValueSpecification\",\"valueRequired\":true,\"valueName\":\"search_term_string\"}}],\"inLanguage\":\"pt-PT\"},{\"@type\":\"Person\",\"@id\":\"https:\\\/\\\/provstmaria.com\\\/wp\\\/#\\\/schema\\\/person\\\/ececaab7665395f675f1f253f71400c8\",\"name\":\"C\u00e9u Pimenta\",\"image\":{\"@type\":\"ImageObject\",\"inLanguage\":\"pt-PT\",\"@id\":\"https:\\\/\\\/secure.gravatar.com\\\/avatar\\\/03988aff65b1dc3b499c2a7bad2851eba07b2d5cb76e74be4441657718929231?s=96&d=mm&r=g\",\"url\":\"https:\\\/\\\/secure.gravatar.com\\\/avatar\\\/03988aff65b1dc3b499c2a7bad2851eba07b2d5cb76e74be4441657718929231?s=96&d=mm&r=g\",\"contentUrl\":\"https:\\\/\\\/secure.gravatar.com\\\/avatar\\\/03988aff65b1dc3b499c2a7bad2851eba07b2d5cb76e74be4441657718929231?s=96&d=mm&r=g\",\"caption\":\"C\u00e9u Pimenta\"},\"url\":\"https:\\\/\\\/provstmaria.com\\\/wp\\\/author\\\/pimentinho\\\/\"}]}<\/script>\n<!-- \/ Yoast SEO plugin. -->","yoast_head_json":{"title":"Conselho Plen\u00e1rio da Confhic peregrina at\u00e9 F\u00e1tima - Prov\u00edncia de Santa Maria","description":"No dia 20 de agosto de 2023, as Irm\u00e3s reunidas em Conselho Plen\u00e1rio Geral, na Sede Geral da CONFHIC, fizeram uma pausa e rumaram at\u00e9 F\u00e1tima.","robots":{"index":"index","follow":"follow","max-snippet":"max-snippet:-1","max-image-preview":"max-image-preview:large","max-video-preview":"max-video-preview:-1"},"canonical":"https:\/\/provstmaria.com\/wp\/2023\/08\/23\/conselho-plenario-da-confhic-peregrina-ate-fatima\/","og_locale":"pt_PT","og_type":"article","og_title":"Conselho Plen\u00e1rio da Confhic peregrina at\u00e9 F\u00e1tima - Prov\u00edncia de Santa Maria","og_description":"No dia 20 de agosto de 2023, as Irm\u00e3s reunidas em Conselho Plen\u00e1rio Geral, na Sede Geral da CONFHIC, fizeram uma pausa e rumaram at\u00e9 F\u00e1tima.","og_url":"https:\/\/provstmaria.com\/wp\/2023\/08\/23\/conselho-plenario-da-confhic-peregrina-ate-fatima\/","og_site_name":"Prov\u00edncia de Santa Maria","article_published_time":"2023-08-23T10:48:22+00:00","article_modified_time":"2025-04-17T11:36:15+00:00","og_image":[{"width":907,"height":1280,"url":"https:\/\/provstmaria.com\/wp\/wp-content\/uploads\/2023\/08\/plen23-004.gif","type":"image\/gif"}],"author":"C\u00e9u Pimenta","twitter_card":"summary_large_image","twitter_misc":{"Escrito por":"C\u00e9u Pimenta","Tempo estimado de leitura":"2 minutos"},"schema":{"@context":"https:\/\/schema.org","@graph":[{"@type":"Article","@id":"https:\/\/provstmaria.com\/wp\/2023\/08\/23\/conselho-plenario-da-confhic-peregrina-ate-fatima\/#article","isPartOf":{"@id":"https:\/\/provstmaria.com\/wp\/2023\/08\/23\/conselho-plenario-da-confhic-peregrina-ate-fatima\/"},"author":{"name":"C\u00e9u Pimenta","@id":"https:\/\/provstmaria.com\/wp\/#\/schema\/person\/ececaab7665395f675f1f253f71400c8"},"headline":"Conselho Plen\u00e1rio da Confhic peregrina at\u00e9 F\u00e1tima","datePublished":"2023-08-23T10:48:22+00:00","dateModified":"2025-04-17T11:36:15+00:00","mainEntityOfPage":{"@id":"https:\/\/provstmaria.com\/wp\/2023\/08\/23\/conselho-plenario-da-confhic-peregrina-ate-fatima\/"},"wordCount":140,"image":{"@id":"https:\/\/provstmaria.com\/wp\/2023\/08\/23\/conselho-plenario-da-confhic-peregrina-ate-fatima\/#primaryimage"},"thumbnailUrl":"https:\/\/provstmaria.com\/wp\/wp-content\/uploads\/2023\/08\/plen23-004.gif","articleSection":["Not\u00edcias"],"inLanguage":"pt-PT"},{"@type":"WebPage","@id":"https:\/\/provstmaria.com\/wp\/2023\/08\/23\/conselho-plenario-da-confhic-peregrina-ate-fatima\/","url":"https:\/\/provstmaria.com\/wp\/2023\/08\/23\/conselho-plenario-da-confhic-peregrina-ate-fatima\/","name":"Conselho Plen\u00e1rio da Confhic peregrina at\u00e9 F\u00e1tima - Prov\u00edncia de Santa Maria","isPartOf":{"@id":"https:\/\/provstmaria.com\/wp\/#website"},"primaryImageOfPage":{"@id":"https:\/\/provstmaria.com\/wp\/2023\/08\/23\/conselho-plenario-da-confhic-peregrina-ate-fatima\/#primaryimage"},"image":{"@id":"https:\/\/provstmaria.com\/wp\/2023\/08\/23\/conselho-plenario-da-confhic-peregrina-ate-fatima\/#primaryimage"},"thumbnailUrl":"https:\/\/provstmaria.com\/wp\/wp-content\/uploads\/2023\/08\/plen23-004.gif","datePublished":"2023-08-23T10:48:22+00:00","dateModified":"2025-04-17T11:36:15+00:00","author":{"@id":"https:\/\/provstmaria.com\/wp\/#\/schema\/person\/ececaab7665395f675f1f253f71400c8"},"description":"No dia 20 de agosto de 2023, as Irm\u00e3s reunidas em Conselho Plen\u00e1rio Geral, na Sede Geral da CONFHIC, fizeram uma pausa e rumaram at\u00e9 F\u00e1tima.","breadcrumb":{"@id":"https:\/\/provstmaria.com\/wp\/2023\/08\/23\/conselho-plenario-da-confhic-peregrina-ate-fatima\/#breadcrumb"},"inLanguage":"pt-PT","potentialAction":[{"@type":"ReadAction","target":["https:\/\/provstmaria.com\/wp\/2023\/08\/23\/conselho-plenario-da-confhic-peregrina-ate-fatima\/"]}]},{"@type":"ImageObject","inLanguage":"pt-PT","@id":"https:\/\/provstmaria.com\/wp\/2023\/08\/23\/conselho-plenario-da-confhic-peregrina-ate-fatima\/#primaryimage","url":"https:\/\/provstmaria.com\/wp\/wp-content\/uploads\/2023\/08\/plen23-004.gif","contentUrl":"https:\/\/provstmaria.com\/wp\/wp-content\/uploads\/2023\/08\/plen23-004.gif","width":907,"height":1280,"caption":"Conselho Plen\u00e1rio da Confhic peregrina at\u00e9 F\u00e1tima"},{"@type":"BreadcrumbList","@id":"https:\/\/provstmaria.com\/wp\/2023\/08\/23\/conselho-plenario-da-confhic-peregrina-ate-fatima\/#breadcrumb","itemListElement":[{"@type":"ListItem","position":1,"name":"Home","item":"https:\/\/provstmaria.com\/wp\/"},{"@type":"ListItem","position":2,"name":"Conselho Plen\u00e1rio da Confhic peregrina at\u00e9 F\u00e1tima"}]},{"@type":"WebSite","@id":"https:\/\/provstmaria.com\/wp\/#website","url":"https:\/\/provstmaria.com\/wp\/","name":"Prov\u00edncia de Santa Maria","description":"Site da Prov\u00edncia de Santa Maria","potentialAction":[{"@type":"SearchAction","target":{"@type":"EntryPoint","urlTemplate":"https:\/\/provstmaria.com\/wp\/?s={search_term_string}"},"query-input":{"@type":"PropertyValueSpecification","valueRequired":true,"valueName":"search_term_string"}}],"inLanguage":"pt-PT"},{"@type":"Person","@id":"https:\/\/provstmaria.com\/wp\/#\/schema\/person\/ececaab7665395f675f1f253f71400c8","name":"C\u00e9u Pimenta","image":{"@type":"ImageObject","inLanguage":"pt-PT","@id":"https:\/\/secure.gravatar.com\/avatar\/03988aff65b1dc3b499c2a7bad2851eba07b2d5cb76e74be4441657718929231?s=96&d=mm&r=g","url":"https:\/\/secure.gravatar.com\/avatar\/03988aff65b1dc3b499c2a7bad2851eba07b2d5cb76e74be4441657718929231?s=96&d=mm&r=g","contentUrl":"https:\/\/secure.gravatar.com\/avatar\/03988aff65b1dc3b499c2a7bad2851eba07b2d5cb76e74be4441657718929231?s=96&d=mm&r=g","caption":"C\u00e9u Pimenta"},"url":"https:\/\/provstmaria.com\/wp\/author\/pimentinho\/"}]}},"_links":{"self":[{"href":"https:\/\/provstmaria.com\/wp\/wp-json\/wp\/v2\/posts\/2631","targetHints":{"allow":["GET"]}}],"collection":[{"href":"https:\/\/provstmaria.com\/wp\/wp-json\/wp\/v2\/posts"}],"about":[{"href":"https:\/\/provstmaria.com\/wp\/wp-json\/wp\/v2\/types\/post"}],"author":[{"embeddable":true,"href":"https:\/\/provstmaria.com\/wp\/wp-json\/wp\/v2\/users\/5"}],"replies":[{"embeddable":true,"href":"https:\/\/provstmaria.com\/wp\/wp-json\/wp\/v2\/comments?post=2631"}],"version-history":[{"count":2,"href":"https:\/\/provstmaria.com\/wp\/wp-json\/wp\/v2\/posts\/2631\/revisions"}],"predecessor-version":[{"id":2639,"href":"https:\/\/provstmaria.com\/wp\/wp-json\/wp\/v2\/posts\/2631\/revisions\/2639"}],"wp:featuredmedia":[{"embeddable":true,"href":"https:\/\/provstmaria.com\/wp\/wp-json\/wp\/v2\/media\/2636"}],"wp:attachment":[{"href":"https:\/\/provstmaria.com\/wp\/wp-json\/wp\/v2\/media?parent=2631"}],"wp:term":[{"taxonomy":"category","embeddable":true,"href":"https:\/\/provstmaria.com\/wp\/wp-json\/wp\/v2\/categories?post=2631"},{"taxonomy":"post_tag","embeddable":true,"href":"https:\/\/provstmaria.com\/wp\/wp-json\/wp\/v2\/tags?post=2631"}],"curies":[{"name":"wp","href":"https:\/\/api.w.org\/{rel}","templated":true}]}}