{"id":2669,"date":"2023-12-15T21:09:00","date_gmt":"2023-12-15T21:09:00","guid":{"rendered":"https:\/\/provstmaria.com\/wp\/?p=2669"},"modified":"2025-04-17T11:36:14","modified_gmt":"2025-04-17T11:36:14","slug":"abertura-da-fraternidade-de-santa-isabel-da-hungria","status":"publish","type":"post","link":"https:\/\/provstmaria.com\/wp\/2023\/12\/15\/abertura-da-fraternidade-de-santa-isabel-da-hungria\/","title":{"rendered":"Abertura da Fraternidade de Santa Isabel da Hungria"},"content":{"rendered":"\n<div class=\"wp-block-columns is-layout-flex wp-container-core-columns-is-layout-9d6595d7 wp-block-columns-is-layout-flex\">\n<div class=\"wp-block-column is-layout-flow wp-block-column-is-layout-flow\" style=\"flex-basis:66.66%\">\n<p>No dia 17 de novembro de 2023, na Diocese de Portalegre\/Castelo Branco, teve lugar a abertura oficial de uma nova Fraternidade da Congrega\u00e7\u00e3o das Irm\u00e3s Franciscanas Hospitaleiras da Imaculada Concei\u00e7\u00e3o, tendo como Padroeira, Santa Isabel da Hungria que d\u00e1 o nome a Fraternidade.<\/p>\n\n\n\n<p>Assim sendo, neste exato momento, a Fraternidade \u00e9 composta por tr\u00eas membros distintos: Irm\u00e3 Paula Maria Gon\u00e7alves Andr\u00e9, desempenhando a fun\u00e7\u00e3o\/miss\u00e3o de Animadora da Fraternidade; Irm\u00e3 Claudina de Carvalho Leite; e Irm\u00e3 Nealtina Famata Cassam\u00e1.<\/p>\n\n\n\n<p>Assim, a Fraternidade abra\u00e7a a nobre miss\u00e3o de ser testemunha do Carisma da Hospitalidade, nesta parcela do povo de Deus que ansiava pela presen\u00e7a de uma Comunidade Religiosa.<\/p>\n\n\n\n<h3 class=\"wp-block-heading\">A celebra\u00e7\u00e3o <\/h3>\n\n\n\n<p>O ato decorreu no Centro Catequ\u00e9tico de S. Tiago e foi presidido por sua Excel\u00eancia Reverend\u00edssima, o Senhor Bispo Titular da Diocese, D. Antonino Eug\u00e9nio Fernandes Dias. Contou com a am\u00e1vel presen\u00e7a do Reverendo Pe. Nuno Miguel Barradas Tavares Folgado, respons\u00e1vel pelo Centro Catequ\u00e9tico, e de alguns Sacerdotes do Arciprestado. Por parte da Congrega\u00e7\u00e3o, estiveram presentes a Ir. Maria Norberta Pereira Neves, Superiora Provincial, e suas Conselheiras, as Irm\u00e3s da Fraternidade da Imaculada Concei\u00e7\u00e3o, de Oleiros, e as Postulantes da Congrega\u00e7\u00e3o. Presentes tamb\u00e9m alguns membros da Comunidade Crist\u00e3 de S\u00e3o Tiago. Constou de um momento de ora\u00e7\u00e3o, seguido da b\u00ean\u00e7\u00e3o da casa e de um almo\u00e7o de confraterniza\u00e7\u00e3o.<\/p>\n\n\n\n<h3 class=\"wp-block-heading\">A tarde<\/h3>\n\n\n\n<p>Assim, da parte da tarde, a Irm\u00e3 Maria Norberta, na presen\u00e7a das Irm\u00e3s e das Postulantes, deu posse \u00e0 Irm\u00e3 Paula Maria Gon\u00e7alves Andr\u00e9, como Superiora da Fraternidade de Santa Isabel da Hungria. Sucedeu um lanche de confraterniza\u00e7\u00e3o e uma breve reuni\u00e3o a este momento de celebra\u00e7\u00e3o fraterna.<br>Louvamos a Deus, Alt\u00edssimo, Omnipotente e Bom Senhor, pela gra\u00e7a de perpetuar, no tempo e na vida da Igreja, o Carisma da Hospitalidade. Somos chamadas a realizar o Bem sempre que houver Bem a fazer! Assim, seguir os passos dos nossos Fundadores &#8211; M\u00e3e Clara e Padre Raimundo &#8211; e de Santa Isabel da Hungria.<br>Ademais, no dia 19 de novembro, na Catedral de Castelo Branco, na Eucaristia das 12h, teve lugar a apresenta\u00e7\u00e3o das Irm\u00e3s \u00e0 Diocese. D. Antonino, com imensa alegria e simplicidade, manifestou o seu apre\u00e7o pela presen\u00e7a desta Comunidade Religiosa, na cidade de Castelo Branco.<\/p>\n\n\n\n<p>Finalmente, agradecemos sinceramente ao Senhor pela generosidade que partilha com as suas filhas Franciscanas Hospitaleiras. Elas dedicam-se a ser, no seio da comunidade, fermento, luz e sal, conforme preconiza o Santo Evangelho, atrav\u00e9s do seu servi\u00e7o simples e da alegre hospitalidade que oferecem.<\/p>\n<\/div>\n\n\n\n<div class=\"wp-block-column is-layout-flow wp-block-column-is-layout-flow\" style=\"flex-basis:33.33%\">\n<figure class=\"wp-block-gallery has-nested-images columns-1 is-cropped wp-block-gallery-1 is-layout-flex wp-block-gallery-is-layout-flex\">\n<figure class=\"wp-block-image size-large\"><img loading=\"lazy\" decoding=\"async\" width=\"768\" height=\"1024\" data-id=\"2670\" src=\"https:\/\/provstmaria.com\/wp\/wp-content\/uploads\/2023\/12\/nova_fraternidade_01.jpeg\" alt=\"\" class=\"wp-image-2670\" srcset=\"https:\/\/provstmaria.com\/wp\/wp-content\/uploads\/2023\/12\/nova_fraternidade_01.jpeg 768w, https:\/\/provstmaria.com\/wp\/wp-content\/uploads\/2023\/12\/nova_fraternidade_01-225x300.jpeg 225w\" sizes=\"auto, (max-width: 768px) 100vw, 768px\" \/><\/figure>\n\n\n\n<figure class=\"wp-block-image size-large\"><img loading=\"lazy\" decoding=\"async\" width=\"1024\" height=\"768\" data-id=\"2677\" src=\"https:\/\/provstmaria.com\/wp\/wp-content\/uploads\/2023\/12\/nova_fraternidade_02.jpeg\" alt=\"\" class=\"wp-image-2677\" srcset=\"https:\/\/provstmaria.com\/wp\/wp-content\/uploads\/2023\/12\/nova_fraternidade_02.jpeg 1024w, https:\/\/provstmaria.com\/wp\/wp-content\/uploads\/2023\/12\/nova_fraternidade_02-300x225.jpeg 300w, https:\/\/provstmaria.com\/wp\/wp-content\/uploads\/2023\/12\/nova_fraternidade_02-768x576.jpeg 768w\" sizes=\"auto, (max-width: 1024px) 100vw, 1024px\" \/><\/figure>\n\n\n\n<figure class=\"wp-block-image size-large\"><img loading=\"lazy\" decoding=\"async\" width=\"1024\" height=\"768\" data-id=\"2681\" src=\"https:\/\/provstmaria.com\/wp\/wp-content\/uploads\/2023\/12\/nova_fraternidade_03.jpeg\" alt=\"\" class=\"wp-image-2681\" srcset=\"https:\/\/provstmaria.com\/wp\/wp-content\/uploads\/2023\/12\/nova_fraternidade_03.jpeg 1024w, https:\/\/provstmaria.com\/wp\/wp-content\/uploads\/2023\/12\/nova_fraternidade_03-300x225.jpeg 300w, https:\/\/provstmaria.com\/wp\/wp-content\/uploads\/2023\/12\/nova_fraternidade_03-768x576.jpeg 768w\" sizes=\"auto, (max-width: 1024px) 100vw, 1024px\" \/><\/figure>\n\n\n\n<figure class=\"wp-block-image size-large\"><img loading=\"lazy\" decoding=\"async\" width=\"1024\" height=\"768\" data-id=\"2676\" src=\"https:\/\/provstmaria.com\/wp\/wp-content\/uploads\/2023\/12\/nova_fraternidade_04.jpeg\" alt=\"\" class=\"wp-image-2676\" srcset=\"https:\/\/provstmaria.com\/wp\/wp-content\/uploads\/2023\/12\/nova_fraternidade_04.jpeg 1024w, https:\/\/provstmaria.com\/wp\/wp-content\/uploads\/2023\/12\/nova_fraternidade_04-300x225.jpeg 300w, https:\/\/provstmaria.com\/wp\/wp-content\/uploads\/2023\/12\/nova_fraternidade_04-768x576.jpeg 768w\" sizes=\"auto, (max-width: 1024px) 100vw, 1024px\" \/><\/figure>\n\n\n\n<figure class=\"wp-block-image size-large\"><img loading=\"lazy\" decoding=\"async\" width=\"1024\" height=\"768\" data-id=\"2674\" src=\"https:\/\/provstmaria.com\/wp\/wp-content\/uploads\/2023\/12\/nova_fraternidade_05.jpeg\" alt=\"\" class=\"wp-image-2674\" srcset=\"https:\/\/provstmaria.com\/wp\/wp-content\/uploads\/2023\/12\/nova_fraternidade_05.jpeg 1024w, https:\/\/provstmaria.com\/wp\/wp-content\/uploads\/2023\/12\/nova_fraternidade_05-300x225.jpeg 300w, https:\/\/provstmaria.com\/wp\/wp-content\/uploads\/2023\/12\/nova_fraternidade_05-768x576.jpeg 768w\" sizes=\"auto, (max-width: 1024px) 100vw, 1024px\" \/><\/figure>\n<\/figure>\n<\/div>\n<\/div>\n\n\n\n<figure class=\"wp-block-gallery has-nested-images columns-default is-cropped wp-block-gallery-2 is-layout-flex wp-block-gallery-is-layout-flex\">\n<figure class=\"wp-block-image size-large\"><img loading=\"lazy\" decoding=\"async\" width=\"768\" height=\"1024\" data-id=\"2675\" src=\"https:\/\/provstmaria.com\/wp\/wp-content\/uploads\/2023\/12\/nova_fraternidade_11.jpeg\" alt=\"\" class=\"wp-image-2675\" srcset=\"https:\/\/provstmaria.com\/wp\/wp-content\/uploads\/2023\/12\/nova_fraternidade_11.jpeg 768w, https:\/\/provstmaria.com\/wp\/wp-content\/uploads\/2023\/12\/nova_fraternidade_11-225x300.jpeg 225w\" sizes=\"auto, (max-width: 768px) 100vw, 768px\" \/><\/figure>\n\n\n\n<figure class=\"wp-block-image size-large\"><img loading=\"lazy\" decoding=\"async\" width=\"1024\" height=\"768\" data-id=\"2671\" src=\"https:\/\/provstmaria.com\/wp\/wp-content\/uploads\/2023\/12\/nova_fraternidade_10.jpeg\" alt=\"\" class=\"wp-image-2671\" srcset=\"https:\/\/provstmaria.com\/wp\/wp-content\/uploads\/2023\/12\/nova_fraternidade_10.jpeg 1024w, https:\/\/provstmaria.com\/wp\/wp-content\/uploads\/2023\/12\/nova_fraternidade_10-300x225.jpeg 300w, https:\/\/provstmaria.com\/wp\/wp-content\/uploads\/2023\/12\/nova_fraternidade_10-768x576.jpeg 768w\" sizes=\"auto, (max-width: 1024px) 100vw, 1024px\" \/><\/figure>\n\n\n\n<figure class=\"wp-block-image size-large\"><img loading=\"lazy\" decoding=\"async\" width=\"1024\" height=\"768\" data-id=\"2678\" src=\"https:\/\/provstmaria.com\/wp\/wp-content\/uploads\/2023\/12\/nova_fraternidade_06.jpeg\" alt=\"\" class=\"wp-image-2678\" srcset=\"https:\/\/provstmaria.com\/wp\/wp-content\/uploads\/2023\/12\/nova_fraternidade_06.jpeg 1024w, https:\/\/provstmaria.com\/wp\/wp-content\/uploads\/2023\/12\/nova_fraternidade_06-300x225.jpeg 300w, https:\/\/provstmaria.com\/wp\/wp-content\/uploads\/2023\/12\/nova_fraternidade_06-768x576.jpeg 768w\" sizes=\"auto, (max-width: 1024px) 100vw, 1024px\" \/><\/figure>\n\n\n\n<figure class=\"wp-block-image size-large\"><img loading=\"lazy\" decoding=\"async\" width=\"1024\" height=\"768\" data-id=\"2672\" src=\"https:\/\/provstmaria.com\/wp\/wp-content\/uploads\/2023\/12\/nova_fraternidade_07.jpeg\" alt=\"\" class=\"wp-image-2672\" srcset=\"https:\/\/provstmaria.com\/wp\/wp-content\/uploads\/2023\/12\/nova_fraternidade_07.jpeg 1024w, https:\/\/provstmaria.com\/wp\/wp-content\/uploads\/2023\/12\/nova_fraternidade_07-300x225.jpeg 300w, https:\/\/provstmaria.com\/wp\/wp-content\/uploads\/2023\/12\/nova_fraternidade_07-768x576.jpeg 768w\" sizes=\"auto, (max-width: 1024px) 100vw, 1024px\" \/><\/figure>\n\n\n\n<figure class=\"wp-block-image size-large\"><img loading=\"lazy\" decoding=\"async\" width=\"1024\" height=\"768\" data-id=\"2679\" src=\"https:\/\/provstmaria.com\/wp\/wp-content\/uploads\/2023\/12\/nova_fraternidade_08.jpeg\" alt=\"\" class=\"wp-image-2679\" srcset=\"https:\/\/provstmaria.com\/wp\/wp-content\/uploads\/2023\/12\/nova_fraternidade_08.jpeg 1024w, https:\/\/provstmaria.com\/wp\/wp-content\/uploads\/2023\/12\/nova_fraternidade_08-300x225.jpeg 300w, https:\/\/provstmaria.com\/wp\/wp-content\/uploads\/2023\/12\/nova_fraternidade_08-768x576.jpeg 768w\" sizes=\"auto, (max-width: 1024px) 100vw, 1024px\" \/><\/figure>\n\n\n\n<figure class=\"wp-block-image size-large\"><img loading=\"lazy\" decoding=\"async\" width=\"1024\" height=\"768\" data-id=\"2680\" src=\"https:\/\/provstmaria.com\/wp\/wp-content\/uploads\/2023\/12\/nova_fraternidade_09.jpeg\" alt=\"\" class=\"wp-image-2680\" srcset=\"https:\/\/provstmaria.com\/wp\/wp-content\/uploads\/2023\/12\/nova_fraternidade_09.jpeg 1024w, https:\/\/provstmaria.com\/wp\/wp-content\/uploads\/2023\/12\/nova_fraternidade_09-300x225.jpeg 300w, https:\/\/provstmaria.com\/wp\/wp-content\/uploads\/2023\/12\/nova_fraternidade_09-768x576.jpeg 768w\" sizes=\"auto, (max-width: 1024px) 100vw, 1024px\" \/><\/figure>\n\n\n\n<figure class=\"wp-block-image size-large\"><img loading=\"lazy\" decoding=\"async\" width=\"999\" height=\"562\" data-id=\"2673\" src=\"https:\/\/provstmaria.com\/wp\/wp-content\/uploads\/2023\/12\/nova_fraternidade_13.jpg\" alt=\"\" class=\"wp-image-2673\" srcset=\"https:\/\/provstmaria.com\/wp\/wp-content\/uploads\/2023\/12\/nova_fraternidade_13.jpg 999w, https:\/\/provstmaria.com\/wp\/wp-content\/uploads\/2023\/12\/nova_fraternidade_13-300x169.jpg 300w, https:\/\/provstmaria.com\/wp\/wp-content\/uploads\/2023\/12\/nova_fraternidade_13-768x432.jpg 768w\" sizes=\"auto, (max-width: 999px) 100vw, 999px\" \/><\/figure>\n\n\n\n<figure class=\"wp-block-image size-large\"><img loading=\"lazy\" decoding=\"async\" width=\"1024\" height=\"576\" data-id=\"2682\" src=\"https:\/\/provstmaria.com\/wp\/wp-content\/uploads\/2023\/12\/nova_fraternidade_12-1024x576.jpg\" alt=\"\" class=\"wp-image-2682\" srcset=\"https:\/\/provstmaria.com\/wp\/wp-content\/uploads\/2023\/12\/nova_fraternidade_12-1024x576.jpg 1024w, https:\/\/provstmaria.com\/wp\/wp-content\/uploads\/2023\/12\/nova_fraternidade_12-300x169.jpg 300w, https:\/\/provstmaria.com\/wp\/wp-content\/uploads\/2023\/12\/nova_fraternidade_12-768x432.jpg 768w, https:\/\/provstmaria.com\/wp\/wp-content\/uploads\/2023\/12\/nova_fraternidade_12.jpg 1301w\" sizes=\"auto, (max-width: 1024px) 100vw, 1024px\" \/><\/figure>\n<\/figure>\n","protected":false},"excerpt":{"rendered":"<p>A Fraternidade abra\u00e7a a nobre miss\u00e3o de ser testemunha do Carisma da Hospitalidade, nesta parcela do povo de Deus que ansiava pela presen\u00e7a de uma Comunidade Religiosa.<\/p>\n","protected":false},"author":1,"featured_media":2682,"comment_status":"closed","ping_status":"closed","sticky":false,"template":"","format":"standard","meta":{"footnotes":""},"categories":[3,41],"tags":[],"class_list":["post-2669","post","type-post","status-publish","format-standard","has-post-thumbnail","hentry","category-missao","category-noticias"],"yoast_head":"<!-- This site is optimized with the Yoast SEO plugin v27.5 - https:\/\/yoast.com\/product\/yoast-seo-wordpress\/ -->\n<title>Abertura da Fraternidade de Santa Isabel da Hungria - Prov\u00edncia de Santa Maria<\/title>\n<meta name=\"description\" content=\"Abertura da Fraternidade de Santa Isabel da Hungria - A Fraternidade abra\u00e7a a nobre miss\u00e3o de ser testemunha do Carisma da Hospitalidade\" \/>\n<meta name=\"robots\" content=\"index, follow, max-snippet:-1, max-image-preview:large, max-video-preview:-1\" \/>\n<link rel=\"canonical\" href=\"https:\/\/provstmaria.com\/wp\/2023\/12\/15\/abertura-da-fraternidade-de-santa-isabel-da-hungria\/\" \/>\n<meta property=\"og:locale\" content=\"pt_PT\" \/>\n<meta property=\"og:type\" content=\"article\" \/>\n<meta property=\"og:title\" content=\"Abertura da Fraternidade de Santa Isabel da Hungria - Prov\u00edncia de Santa Maria\" \/>\n<meta property=\"og:description\" content=\"Abertura da Fraternidade de Santa Isabel da Hungria - A Fraternidade abra\u00e7a a nobre miss\u00e3o de ser testemunha do Carisma da Hospitalidade\" \/>\n<meta property=\"og:url\" content=\"https:\/\/provstmaria.com\/wp\/2023\/12\/15\/abertura-da-fraternidade-de-santa-isabel-da-hungria\/\" \/>\n<meta property=\"og:site_name\" content=\"Prov\u00edncia de Santa Maria\" \/>\n<meta property=\"article:published_time\" content=\"2023-12-15T21:09:00+00:00\" \/>\n<meta property=\"article:modified_time\" content=\"2025-04-17T11:36:14+00:00\" \/>\n<meta property=\"og:image\" content=\"https:\/\/provstmaria.com\/wp\/wp-content\/uploads\/2023\/12\/nova_fraternidade_12.jpg\" \/>\n\t<meta property=\"og:image:width\" content=\"1301\" \/>\n\t<meta property=\"og:image:height\" content=\"732\" \/>\n\t<meta property=\"og:image:type\" content=\"image\/jpeg\" \/>\n<meta name=\"author\" content=\"wp-admin\" \/>\n<meta name=\"twitter:card\" content=\"summary_large_image\" \/>\n<meta name=\"twitter:label1\" content=\"Escrito por\" \/>\n\t<meta name=\"twitter:data1\" content=\"wp-admin\" \/>\n\t<meta name=\"twitter:label2\" content=\"Tempo estimado de leitura\" \/>\n\t<meta name=\"twitter:data2\" content=\"6 minutos\" \/>\n<script type=\"application\/ld+json\" class=\"yoast-schema-graph\">{\"@context\":\"https:\\\/\\\/schema.org\",\"@graph\":[{\"@type\":\"Article\",\"@id\":\"https:\\\/\\\/provstmaria.com\\\/wp\\\/2023\\\/12\\\/15\\\/abertura-da-fraternidade-de-santa-isabel-da-hungria\\\/#article\",\"isPartOf\":{\"@id\":\"https:\\\/\\\/provstmaria.com\\\/wp\\\/2023\\\/12\\\/15\\\/abertura-da-fraternidade-de-santa-isabel-da-hungria\\\/\"},\"author\":{\"name\":\"wp-admin\",\"@id\":\"https:\\\/\\\/provstmaria.com\\\/wp\\\/#\\\/schema\\\/person\\\/6e7e1ad52d36ceece19ba89285f23abc\"},\"headline\":\"Abertura da Fraternidade de Santa Isabel da Hungria\",\"datePublished\":\"2023-12-15T21:09:00+00:00\",\"dateModified\":\"2025-04-17T11:36:14+00:00\",\"mainEntityOfPage\":{\"@id\":\"https:\\\/\\\/provstmaria.com\\\/wp\\\/2023\\\/12\\\/15\\\/abertura-da-fraternidade-de-santa-isabel-da-hungria\\\/\"},\"wordCount\":457,\"image\":{\"@id\":\"https:\\\/\\\/provstmaria.com\\\/wp\\\/2023\\\/12\\\/15\\\/abertura-da-fraternidade-de-santa-isabel-da-hungria\\\/#primaryimage\"},\"thumbnailUrl\":\"https:\\\/\\\/provstmaria.com\\\/wp\\\/wp-content\\\/uploads\\\/2023\\\/12\\\/nova_fraternidade_12.jpg\",\"articleSection\":[\"Miss\u00e3o\",\"Not\u00edcias\"],\"inLanguage\":\"pt-PT\"},{\"@type\":\"WebPage\",\"@id\":\"https:\\\/\\\/provstmaria.com\\\/wp\\\/2023\\\/12\\\/15\\\/abertura-da-fraternidade-de-santa-isabel-da-hungria\\\/\",\"url\":\"https:\\\/\\\/provstmaria.com\\\/wp\\\/2023\\\/12\\\/15\\\/abertura-da-fraternidade-de-santa-isabel-da-hungria\\\/\",\"name\":\"Abertura da Fraternidade de Santa Isabel da Hungria - Prov\u00edncia de Santa Maria\",\"isPartOf\":{\"@id\":\"https:\\\/\\\/provstmaria.com\\\/wp\\\/#website\"},\"primaryImageOfPage\":{\"@id\":\"https:\\\/\\\/provstmaria.com\\\/wp\\\/2023\\\/12\\\/15\\\/abertura-da-fraternidade-de-santa-isabel-da-hungria\\\/#primaryimage\"},\"image\":{\"@id\":\"https:\\\/\\\/provstmaria.com\\\/wp\\\/2023\\\/12\\\/15\\\/abertura-da-fraternidade-de-santa-isabel-da-hungria\\\/#primaryimage\"},\"thumbnailUrl\":\"https:\\\/\\\/provstmaria.com\\\/wp\\\/wp-content\\\/uploads\\\/2023\\\/12\\\/nova_fraternidade_12.jpg\",\"datePublished\":\"2023-12-15T21:09:00+00:00\",\"dateModified\":\"2025-04-17T11:36:14+00:00\",\"author\":{\"@id\":\"https:\\\/\\\/provstmaria.com\\\/wp\\\/#\\\/schema\\\/person\\\/6e7e1ad52d36ceece19ba89285f23abc\"},\"description\":\"Abertura da Fraternidade de Santa Isabel da Hungria - A Fraternidade abra\u00e7a a nobre miss\u00e3o de ser testemunha do Carisma da Hospitalidade\",\"breadcrumb\":{\"@id\":\"https:\\\/\\\/provstmaria.com\\\/wp\\\/2023\\\/12\\\/15\\\/abertura-da-fraternidade-de-santa-isabel-da-hungria\\\/#breadcrumb\"},\"inLanguage\":\"pt-PT\",\"potentialAction\":[{\"@type\":\"ReadAction\",\"target\":[\"https:\\\/\\\/provstmaria.com\\\/wp\\\/2023\\\/12\\\/15\\\/abertura-da-fraternidade-de-santa-isabel-da-hungria\\\/\"]}]},{\"@type\":\"ImageObject\",\"inLanguage\":\"pt-PT\",\"@id\":\"https:\\\/\\\/provstmaria.com\\\/wp\\\/2023\\\/12\\\/15\\\/abertura-da-fraternidade-de-santa-isabel-da-hungria\\\/#primaryimage\",\"url\":\"https:\\\/\\\/provstmaria.com\\\/wp\\\/wp-content\\\/uploads\\\/2023\\\/12\\\/nova_fraternidade_12.jpg\",\"contentUrl\":\"https:\\\/\\\/provstmaria.com\\\/wp\\\/wp-content\\\/uploads\\\/2023\\\/12\\\/nova_fraternidade_12.jpg\",\"width\":1301,\"height\":732},{\"@type\":\"BreadcrumbList\",\"@id\":\"https:\\\/\\\/provstmaria.com\\\/wp\\\/2023\\\/12\\\/15\\\/abertura-da-fraternidade-de-santa-isabel-da-hungria\\\/#breadcrumb\",\"itemListElement\":[{\"@type\":\"ListItem\",\"position\":1,\"name\":\"Home\",\"item\":\"https:\\\/\\\/provstmaria.com\\\/wp\\\/\"},{\"@type\":\"ListItem\",\"position\":2,\"name\":\"Abertura da Fraternidade de Santa Isabel da Hungria\"}]},{\"@type\":\"WebSite\",\"@id\":\"https:\\\/\\\/provstmaria.com\\\/wp\\\/#website\",\"url\":\"https:\\\/\\\/provstmaria.com\\\/wp\\\/\",\"name\":\"Prov\u00edncia de Santa Maria\",\"description\":\"Site da Prov\u00edncia de Santa Maria\",\"potentialAction\":[{\"@type\":\"SearchAction\",\"target\":{\"@type\":\"EntryPoint\",\"urlTemplate\":\"https:\\\/\\\/provstmaria.com\\\/wp\\\/?s={search_term_string}\"},\"query-input\":{\"@type\":\"PropertyValueSpecification\",\"valueRequired\":true,\"valueName\":\"search_term_string\"}}],\"inLanguage\":\"pt-PT\"},{\"@type\":\"Person\",\"@id\":\"https:\\\/\\\/provstmaria.com\\\/wp\\\/#\\\/schema\\\/person\\\/6e7e1ad52d36ceece19ba89285f23abc\",\"name\":\"wp-admin\",\"image\":{\"@type\":\"ImageObject\",\"inLanguage\":\"pt-PT\",\"@id\":\"https:\\\/\\\/secure.gravatar.com\\\/avatar\\\/5f9c8e6f023c9a3675fb4fda7df031979c2e3edab2b6e3d7af0a857c0d656a24?s=96&d=mm&r=g\",\"url\":\"https:\\\/\\\/secure.gravatar.com\\\/avatar\\\/5f9c8e6f023c9a3675fb4fda7df031979c2e3edab2b6e3d7af0a857c0d656a24?s=96&d=mm&r=g\",\"contentUrl\":\"https:\\\/\\\/secure.gravatar.com\\\/avatar\\\/5f9c8e6f023c9a3675fb4fda7df031979c2e3edab2b6e3d7af0a857c0d656a24?s=96&d=mm&r=g\",\"caption\":\"wp-admin\"},\"sameAs\":[\"https:\\\/\\\/provstmaria.com\\\/wp\"],\"url\":\"https:\\\/\\\/provstmaria.com\\\/wp\\\/author\\\/wp-admin\\\/\"}]}<\/script>\n<!-- \/ Yoast SEO plugin. -->","yoast_head_json":{"title":"Abertura da Fraternidade de Santa Isabel da Hungria - Prov\u00edncia de Santa Maria","description":"Abertura da Fraternidade de Santa Isabel da Hungria - A Fraternidade abra\u00e7a a nobre miss\u00e3o de ser testemunha do Carisma da Hospitalidade","robots":{"index":"index","follow":"follow","max-snippet":"max-snippet:-1","max-image-preview":"max-image-preview:large","max-video-preview":"max-video-preview:-1"},"canonical":"https:\/\/provstmaria.com\/wp\/2023\/12\/15\/abertura-da-fraternidade-de-santa-isabel-da-hungria\/","og_locale":"pt_PT","og_type":"article","og_title":"Abertura da Fraternidade de Santa Isabel da Hungria - Prov\u00edncia de Santa Maria","og_description":"Abertura da Fraternidade de Santa Isabel da Hungria - A Fraternidade abra\u00e7a a nobre miss\u00e3o de ser testemunha do Carisma da Hospitalidade","og_url":"https:\/\/provstmaria.com\/wp\/2023\/12\/15\/abertura-da-fraternidade-de-santa-isabel-da-hungria\/","og_site_name":"Prov\u00edncia de Santa Maria","article_published_time":"2023-12-15T21:09:00+00:00","article_modified_time":"2025-04-17T11:36:14+00:00","og_image":[{"width":1301,"height":732,"url":"https:\/\/provstmaria.com\/wp\/wp-content\/uploads\/2023\/12\/nova_fraternidade_12.jpg","type":"image\/jpeg"}],"author":"wp-admin","twitter_card":"summary_large_image","twitter_misc":{"Escrito por":"wp-admin","Tempo estimado de leitura":"6 minutos"},"schema":{"@context":"https:\/\/schema.org","@graph":[{"@type":"Article","@id":"https:\/\/provstmaria.com\/wp\/2023\/12\/15\/abertura-da-fraternidade-de-santa-isabel-da-hungria\/#article","isPartOf":{"@id":"https:\/\/provstmaria.com\/wp\/2023\/12\/15\/abertura-da-fraternidade-de-santa-isabel-da-hungria\/"},"author":{"name":"wp-admin","@id":"https:\/\/provstmaria.com\/wp\/#\/schema\/person\/6e7e1ad52d36ceece19ba89285f23abc"},"headline":"Abertura da Fraternidade de Santa Isabel da Hungria","datePublished":"2023-12-15T21:09:00+00:00","dateModified":"2025-04-17T11:36:14+00:00","mainEntityOfPage":{"@id":"https:\/\/provstmaria.com\/wp\/2023\/12\/15\/abertura-da-fraternidade-de-santa-isabel-da-hungria\/"},"wordCount":457,"image":{"@id":"https:\/\/provstmaria.com\/wp\/2023\/12\/15\/abertura-da-fraternidade-de-santa-isabel-da-hungria\/#primaryimage"},"thumbnailUrl":"https:\/\/provstmaria.com\/wp\/wp-content\/uploads\/2023\/12\/nova_fraternidade_12.jpg","articleSection":["Miss\u00e3o","Not\u00edcias"],"inLanguage":"pt-PT"},{"@type":"WebPage","@id":"https:\/\/provstmaria.com\/wp\/2023\/12\/15\/abertura-da-fraternidade-de-santa-isabel-da-hungria\/","url":"https:\/\/provstmaria.com\/wp\/2023\/12\/15\/abertura-da-fraternidade-de-santa-isabel-da-hungria\/","name":"Abertura da Fraternidade de Santa Isabel da Hungria - Prov\u00edncia de Santa Maria","isPartOf":{"@id":"https:\/\/provstmaria.com\/wp\/#website"},"primaryImageOfPage":{"@id":"https:\/\/provstmaria.com\/wp\/2023\/12\/15\/abertura-da-fraternidade-de-santa-isabel-da-hungria\/#primaryimage"},"image":{"@id":"https:\/\/provstmaria.com\/wp\/2023\/12\/15\/abertura-da-fraternidade-de-santa-isabel-da-hungria\/#primaryimage"},"thumbnailUrl":"https:\/\/provstmaria.com\/wp\/wp-content\/uploads\/2023\/12\/nova_fraternidade_12.jpg","datePublished":"2023-12-15T21:09:00+00:00","dateModified":"2025-04-17T11:36:14+00:00","author":{"@id":"https:\/\/provstmaria.com\/wp\/#\/schema\/person\/6e7e1ad52d36ceece19ba89285f23abc"},"description":"Abertura da Fraternidade de Santa Isabel da Hungria - A Fraternidade abra\u00e7a a nobre miss\u00e3o de ser testemunha do Carisma da Hospitalidade","breadcrumb":{"@id":"https:\/\/provstmaria.com\/wp\/2023\/12\/15\/abertura-da-fraternidade-de-santa-isabel-da-hungria\/#breadcrumb"},"inLanguage":"pt-PT","potentialAction":[{"@type":"ReadAction","target":["https:\/\/provstmaria.com\/wp\/2023\/12\/15\/abertura-da-fraternidade-de-santa-isabel-da-hungria\/"]}]},{"@type":"ImageObject","inLanguage":"pt-PT","@id":"https:\/\/provstmaria.com\/wp\/2023\/12\/15\/abertura-da-fraternidade-de-santa-isabel-da-hungria\/#primaryimage","url":"https:\/\/provstmaria.com\/wp\/wp-content\/uploads\/2023\/12\/nova_fraternidade_12.jpg","contentUrl":"https:\/\/provstmaria.com\/wp\/wp-content\/uploads\/2023\/12\/nova_fraternidade_12.jpg","width":1301,"height":732},{"@type":"BreadcrumbList","@id":"https:\/\/provstmaria.com\/wp\/2023\/12\/15\/abertura-da-fraternidade-de-santa-isabel-da-hungria\/#breadcrumb","itemListElement":[{"@type":"ListItem","position":1,"name":"Home","item":"https:\/\/provstmaria.com\/wp\/"},{"@type":"ListItem","position":2,"name":"Abertura da Fraternidade de Santa Isabel da Hungria"}]},{"@type":"WebSite","@id":"https:\/\/provstmaria.com\/wp\/#website","url":"https:\/\/provstmaria.com\/wp\/","name":"Prov\u00edncia de Santa Maria","description":"Site da Prov\u00edncia de Santa Maria","potentialAction":[{"@type":"SearchAction","target":{"@type":"EntryPoint","urlTemplate":"https:\/\/provstmaria.com\/wp\/?s={search_term_string}"},"query-input":{"@type":"PropertyValueSpecification","valueRequired":true,"valueName":"search_term_string"}}],"inLanguage":"pt-PT"},{"@type":"Person","@id":"https:\/\/provstmaria.com\/wp\/#\/schema\/person\/6e7e1ad52d36ceece19ba89285f23abc","name":"wp-admin","image":{"@type":"ImageObject","inLanguage":"pt-PT","@id":"https:\/\/secure.gravatar.com\/avatar\/5f9c8e6f023c9a3675fb4fda7df031979c2e3edab2b6e3d7af0a857c0d656a24?s=96&d=mm&r=g","url":"https:\/\/secure.gravatar.com\/avatar\/5f9c8e6f023c9a3675fb4fda7df031979c2e3edab2b6e3d7af0a857c0d656a24?s=96&d=mm&r=g","contentUrl":"https:\/\/secure.gravatar.com\/avatar\/5f9c8e6f023c9a3675fb4fda7df031979c2e3edab2b6e3d7af0a857c0d656a24?s=96&d=mm&r=g","caption":"wp-admin"},"sameAs":["https:\/\/provstmaria.com\/wp"],"url":"https:\/\/provstmaria.com\/wp\/author\/wp-admin\/"}]}},"_links":{"self":[{"href":"https:\/\/provstmaria.com\/wp\/wp-json\/wp\/v2\/posts\/2669","targetHints":{"allow":["GET"]}}],"collection":[{"href":"https:\/\/provstmaria.com\/wp\/wp-json\/wp\/v2\/posts"}],"about":[{"href":"https:\/\/provstmaria.com\/wp\/wp-json\/wp\/v2\/types\/post"}],"author":[{"embeddable":true,"href":"https:\/\/provstmaria.com\/wp\/wp-json\/wp\/v2\/users\/1"}],"replies":[{"embeddable":true,"href":"https:\/\/provstmaria.com\/wp\/wp-json\/wp\/v2\/comments?post=2669"}],"version-history":[{"count":1,"href":"https:\/\/provstmaria.com\/wp\/wp-json\/wp\/v2\/posts\/2669\/revisions"}],"predecessor-version":[{"id":2683,"href":"https:\/\/provstmaria.com\/wp\/wp-json\/wp\/v2\/posts\/2669\/revisions\/2683"}],"wp:featuredmedia":[{"embeddable":true,"href":"https:\/\/provstmaria.com\/wp\/wp-json\/wp\/v2\/media\/2682"}],"wp:attachment":[{"href":"https:\/\/provstmaria.com\/wp\/wp-json\/wp\/v2\/media?parent=2669"}],"wp:term":[{"taxonomy":"category","embeddable":true,"href":"https:\/\/provstmaria.com\/wp\/wp-json\/wp\/v2\/categories?post=2669"},{"taxonomy":"post_tag","embeddable":true,"href":"https:\/\/provstmaria.com\/wp\/wp-json\/wp\/v2\/tags?post=2669"}],"curies":[{"name":"wp","href":"https:\/\/api.w.org\/{rel}","templated":true}]}}